{"id":342,"date":"2024-04-22T17:05:13","date_gmt":"2024-04-22T15:05:13","guid":{"rendered":"https:\/\/www.mars13.org\/?p=342"},"modified":"2024-04-22T17:05:13","modified_gmt":"2024-04-22T15:05:13","slug":"signature-dune-convention-entre-mars-et-le-refuge-renforcement-de-linclusion-lgbtqi-dans-le-sport","status":"publish","type":"post","link":"https:\/\/www.mars13.org\/index.php\/2024\/04\/22\/signature-dune-convention-entre-mars-et-le-refuge-renforcement-de-linclusion-lgbtqi-dans-le-sport\/","title":{"rendered":"Signature d&rsquo;une Convention entre MARS et Le Refuge : Renforcement de l&rsquo;Inclusion LGBTQI+ dans le Sport"},"content":{"rendered":"\n<p>L&rsquo;association MARS et l&rsquo;association Le Refuge, qui \u0153uvre pour le soutien des jeunes LGBTQI+ en situation de pr\u00e9carit\u00e9, ont r\u00e9cemment officialis\u00e9 leur partenariat \u00e0 travers la signature d&rsquo;une convention \u00e0 Marseille.<\/p>\n\n\n\n<p>Cette alliance strat\u00e9gique marque un pas significatif vers une meilleure int\u00e9gration des personnes LGBTQI+ dans le sport, tout en offrant un soutien crucial aux jeunes en situation de vuln\u00e9rabilit\u00e9.<\/p>\n\n\n\n<p>Ensemble, MARS et Le Refuge s&rsquo;engagent \u00e0 promouvoir un environnement sportif inclusif et bienveillant, o\u00f9 chacun se sent accept\u00e9 et soutenu, ind\u00e9pendamment de son orientation sexuelle ou de son identit\u00e9 de genre. Cette collaboration illustre l&rsquo;importance de l&rsquo;action collective pour cr\u00e9er un monde plus juste et plus \u00e9galitaire pour tous les membres de la communaut\u00e9 LGBTQI+.<\/p>\n\n\n\n<figure class=\"wp-block-image size-full\"><img loading=\"lazy\" decoding=\"async\" width=\"340\" height=\"200\" src=\"https:\/\/www.mars13.org\/wp-content\/uploads\/2024\/04\/new_logo_refuge_340_200.jpeg\" alt=\"\" class=\"wp-image-343\" srcset=\"https:\/\/www.mars13.org\/wp-content\/uploads\/2024\/04\/new_logo_refuge_340_200.jpeg 340w, https:\/\/www.mars13.org\/wp-content\/uploads\/2024\/04\/new_logo_refuge_340_200-300x176.jpeg 300w\" sizes=\"auto, (max-width: 340px) 100vw, 340px\" \/><\/figure>\n","protected":false},"excerpt":{"rendered":"<p>L&rsquo;association MARS et l&rsquo;association Le Refuge, qui \u0153uvre pour le soutien des jeunes LGBTQI+ en situation de pr\u00e9carit\u00e9, ont r\u00e9cemment officialis\u00e9 leur partenariat \u00e0 travers la signature d&rsquo;une convention \u00e0 Marseille. Cette alliance strat\u00e9gique marque un pas significatif vers une &hellip; <a href=\"https:\/\/www.mars13.org\/index.php\/2024\/04\/22\/signature-dune-convention-entre-mars-et-le-refuge-renforcement-de-linclusion-lgbtqi-dans-le-sport\/\">Continuer la lecture <span class=\"meta-nav\">&rarr;<\/span><\/a><\/p>\n","protected":false},"author":2,"featured_media":0,"comment_status":"open","ping_status":"open","sticky":false,"template":"","format":"standard","meta":{"footnotes":""},"categories":[1],"tags":[],"class_list":["post-342","post","type-post","status-publish","format-standard","hentry","category-non-classe"],"_links":{"self":[{"href":"https:\/\/www.mars13.org\/index.php\/wp-json\/wp\/v2\/posts\/342","targetHints":{"allow":["GET"]}}],"collection":[{"href":"https:\/\/www.mars13.org\/index.php\/wp-json\/wp\/v2\/posts"}],"about":[{"href":"https:\/\/www.mars13.org\/index.php\/wp-json\/wp\/v2\/types\/post"}],"author":[{"embeddable":true,"href":"https:\/\/www.mars13.org\/index.php\/wp-json\/wp\/v2\/users\/2"}],"replies":[{"embeddable":true,"href":"https:\/\/www.mars13.org\/index.php\/wp-json\/wp\/v2\/comments?post=342"}],"version-history":[{"count":1,"href":"https:\/\/www.mars13.org\/index.php\/wp-json\/wp\/v2\/posts\/342\/revisions"}],"predecessor-version":[{"id":344,"href":"https:\/\/www.mars13.org\/index.php\/wp-json\/wp\/v2\/posts\/342\/revisions\/344"}],"wp:attachment":[{"href":"https:\/\/www.mars13.org\/index.php\/wp-json\/wp\/v2\/media?parent=342"}],"wp:term":[{"taxonomy":"category","embeddable":true,"href":"https:\/\/www.mars13.org\/index.php\/wp-json\/wp\/v2\/categories?post=342"},{"taxonomy":"post_tag","embeddable":true,"href":"https:\/\/www.mars13.org\/index.php\/wp-json\/wp\/v2\/tags?post=342"}],"curies":[{"name":"wp","href":"https:\/\/api.w.org\/{rel}","templated":true}]}}