{"id":335,"date":"2024-04-20T08:23:03","date_gmt":"2024-04-20T06:23:03","guid":{"rendered":"https:\/\/www.mars13.org\/?p=335"},"modified":"2024-04-20T08:23:03","modified_gmt":"2024-04-20T06:23:03","slug":"signature-dune-convention-entre-mars-et-rml-un-pas-important-pour-linclusion-des-migrants-lgbtqi-a-marseille","status":"publish","type":"post","link":"https:\/\/www.mars13.org\/index.php\/2024\/04\/20\/signature-dune-convention-entre-mars-et-rml-un-pas-important-pour-linclusion-des-migrants-lgbtqi-a-marseille\/","title":{"rendered":"Signature d&rsquo;une Convention entre MARS et RML : Un Pas Important pour l&rsquo;Inclusion des Migrants LGBTQI+ \u00e0 Marseille"},"content":{"rendered":"\n<p>Dans un acte empreint de solidarit\u00e9 et de progression sociale, l&rsquo;association MARS, fervente d\u00e9fenseuse des droits LGBTQI+ dans le monde du sport, et l&rsquo;association RML (Refuge Migrants LGBT+), d\u00e9di\u00e9e au soutien des migrants LGBTQI+, ont r\u00e9cemment sign\u00e9 une convention \u00e0 Marseille.<\/p>\n\n\n\n<p>Depuis sa cr\u00e9ation en janvier 2021, l&rsquo;association RML s&rsquo;est illustr\u00e9e par son engagement sans faille en faveur des droits et de l&rsquo;int\u00e9gration des migrants LGBTQI+. \u00c0 travers des actions concr\u00e8tes, RML s&rsquo;att\u00e8le \u00e0 informer sur les droits sp\u00e9cifiques des migrants LGBTQI+, \u00e0 les former aux r\u00e8gles administratives et aux lois de la R\u00e9publique fran\u00e7aise, et \u00e0 les accompagner dans leur parcours d&rsquo;int\u00e9gration sur le long terme une fois le statut de r\u00e9fugi\u00e9 obtenu. Les domaines d&rsquo;intervention privil\u00e9gi\u00e9s de RML, \u00e0 savoir l&rsquo;\u00e9galit\u00e9, la la\u00efcit\u00e9, la solidarit\u00e9 et l&rsquo;int\u00e9gration, t\u00e9moignent de son engagement global en faveur d&rsquo;une soci\u00e9t\u00e9 plus inclusive et juste pour tous.<\/p>\n\n\n\n<p>Cette collaboration permettra de multiplier les actions de sensibilisation et d&rsquo;accompagnement, tout en favorisant les synergies avec le r\u00e9seau solidaire local pour r\u00e9pondre aux besoins spertifs des personnes migrantes LGBTQI+.<\/p>\n\n\n\n<p>Pour MARS, cette alliance va bien au-del\u00e0 d&rsquo;une simple signature de convention. En s&rsquo;engageant aux c\u00f4t\u00e9s de RML, MARS affirme son engagement en faveur de l&rsquo;inclusion et de la diversit\u00e9 dans le sport, tout en contribuant \u00e0 cr\u00e9er un environnement accueillant et s\u00fbr pour tous les sportifs et sportives LGBTQI+ migrants.<\/p>\n\n\n\n<p>Ensemble, MARS et RML tracent la voie vers une soci\u00e9t\u00e9 plus juste, o\u00f9 chaque individu, quelle que soit son origine ou son orientation sexuelle, peut s&rsquo;\u00e9panouir et contribuer pleinement \u00e0 la communaut\u00e9. Cette convention est un exemple inspirant de solidarit\u00e9 et de collaboration, appelant \u00e0 une action collective pour un avenir meilleur et plus inclusif pour tous.<\/p>\n\n\n\n<figure class=\"wp-block-image size-full\"><img loading=\"lazy\" decoding=\"async\" width=\"500\" height=\"500\" src=\"https:\/\/www.mars13.org\/wp-content\/uploads\/2024\/04\/logo-migrants-LGBT-Marseille.png\" alt=\"\" class=\"wp-image-336\" srcset=\"https:\/\/www.mars13.org\/wp-content\/uploads\/2024\/04\/logo-migrants-LGBT-Marseille.png 500w, https:\/\/www.mars13.org\/wp-content\/uploads\/2024\/04\/logo-migrants-LGBT-Marseille-300x300.png 300w, https:\/\/www.mars13.org\/wp-content\/uploads\/2024\/04\/logo-migrants-LGBT-Marseille-150x150.png 150w\" sizes=\"auto, (max-width: 500px) 100vw, 500px\" \/><\/figure>\n","protected":false},"excerpt":{"rendered":"<p>Dans un acte empreint de solidarit\u00e9 et de progression sociale, l&rsquo;association MARS, fervente d\u00e9fenseuse des droits LGBTQI+ dans le monde du sport, et l&rsquo;association RML (Refuge Migrants LGBT+), d\u00e9di\u00e9e au soutien des migrants LGBTQI+, ont r\u00e9cemment sign\u00e9 une convention \u00e0 &hellip; <a href=\"https:\/\/www.mars13.org\/index.php\/2024\/04\/20\/signature-dune-convention-entre-mars-et-rml-un-pas-important-pour-linclusion-des-migrants-lgbtqi-a-marseille\/\">Continuer la lecture <span class=\"meta-nav\">&rarr;<\/span><\/a><\/p>\n","protected":false},"author":2,"featured_media":0,"comment_status":"open","ping_status":"open","sticky":false,"template":"","format":"standard","meta":{"footnotes":""},"categories":[1],"tags":[],"class_list":["post-335","post","type-post","status-publish","format-standard","hentry","category-non-classe"],"_links":{"self":[{"href":"https:\/\/www.mars13.org\/index.php\/wp-json\/wp\/v2\/posts\/335","targetHints":{"allow":["GET"]}}],"collection":[{"href":"https:\/\/www.mars13.org\/index.php\/wp-json\/wp\/v2\/posts"}],"about":[{"href":"https:\/\/www.mars13.org\/index.php\/wp-json\/wp\/v2\/types\/post"}],"author":[{"embeddable":true,"href":"https:\/\/www.mars13.org\/index.php\/wp-json\/wp\/v2\/users\/2"}],"replies":[{"embeddable":true,"href":"https:\/\/www.mars13.org\/index.php\/wp-json\/wp\/v2\/comments?post=335"}],"version-history":[{"count":1,"href":"https:\/\/www.mars13.org\/index.php\/wp-json\/wp\/v2\/posts\/335\/revisions"}],"predecessor-version":[{"id":337,"href":"https:\/\/www.mars13.org\/index.php\/wp-json\/wp\/v2\/posts\/335\/revisions\/337"}],"wp:attachment":[{"href":"https:\/\/www.mars13.org\/index.php\/wp-json\/wp\/v2\/media?parent=335"}],"wp:term":[{"taxonomy":"category","embeddable":true,"href":"https:\/\/www.mars13.org\/index.php\/wp-json\/wp\/v2\/categories?post=335"},{"taxonomy":"post_tag","embeddable":true,"href":"https:\/\/www.mars13.org\/index.php\/wp-json\/wp\/v2\/tags?post=335"}],"curies":[{"name":"wp","href":"https:\/\/api.w.org\/{rel}","templated":true}]}}